{"id":1622,"date":"2026-04-30T10:02:21","date_gmt":"2026-04-30T10:02:21","guid":{"rendered":"https:\/\/perspektiveyewear.com\/?p=1622"},"modified":"2026-04-30T10:27:29","modified_gmt":"2026-04-30T10:27:29","slug":"gafas-sol-verano","status":"publish","type":"post","link":"https:\/\/perspektiveyewear.com\/en\/gafas-sol-verano\/","title":{"rendered":"C\u00f3mo elegir gafas de sol para verano seg\u00fan tu estilo y la forma de tu cara"},"content":{"rendered":"<p class=\"ai-optimize-47 ai-optimize-introduction\">Elegir unas <strong>gafas de sol<\/strong> para verano no va solo de que te gusten en la mano. Tambi\u00e9n importa c\u00f3mo encajan con tu cara, con tu estilo y con los planes que haces cuando suben las temperaturas. Puedes ver todos los modelos disponibles en nuestra <a href=\"https:\/\/perspektiveyewear.com\/en\/product-category\/sunglasses\/\">colecci\u00f3n de gafas de sol<\/a>.<\/p>\n<article>\n<header>\n<p class=\"ai-optimize-8 ai-optimize-introduction\">En Perspektiv nos gusta verlo as\u00ed: las gafas de sol protegen, s\u00ed, pero tambi\u00e9n dicen mucho de c\u00f3mo te mueves, c\u00f3mo vistes y qu\u00e9 actitud llevas ese d\u00eda. Por eso, elegir bien el modelo puede cambiar por completo un look de verano.<\/p>\n<\/header>\n<section>\n<h2 class=\"ai-optimize-9\">Gafas de sol y verano: protecci\u00f3n, comodidad y estilo<\/h2>\n<p class=\"ai-optimize-10\">En verano pasamos m\u00e1s tiempo al aire libre: playa, piscina, terrazas, viajes, festivales o paseos a plena luz. En todos esos momentos, las gafas de sol se convierten en uno de los accesorios m\u00e1s importantes del d\u00eda.<\/p>\n<p class=\"ai-optimize-11\">Adem\u00e1s de completar el outfit, ayudan a reducir la molestia de la luz intensa y protegen los ojos frente a la exposici\u00f3n solar. Por eso, antes de elegir solo por color o tendencia, conviene fijarse en tres aspectos b\u00e1sicos: la forma de la montura, el tipo de lente y c\u00f3mo se adapta a tu rostro.<\/p>\n<\/section>\n<section>\n<h2 class=\"ai-optimize-12\">C\u00f3mo elegir gafas de sol seg\u00fan la forma de tu cara<\/h2>\n<p class=\"ai-optimize-13\">No hay reglas cerradas, pero s\u00ed algunas pistas que ayudan a encontrar una montura favorecedora. La idea no es esconder tus rasgos, sino equilibrarlos y jugar con ellos.<\/p>\n<ul>\n<li class=\"ai-optimize-14\"><strong>Cara redonda:<\/strong> suelen favorecer las monturas m\u00e1s rectas o angulosas, porque aportan estructura.<\/li>\n<li class=\"ai-optimize-15\"><strong>Cara cuadrada:<\/strong> funcionan muy bien las formas redondeadas u ovaladas, ya que suavizan las l\u00edneas del rostro.<\/li>\n<li class=\"ai-optimize-16\"><strong>Cara ovalada:<\/strong> admite muchos tipos de montura, desde dise\u00f1os cl\u00e1sicos hasta opciones m\u00e1s atrevidas.<\/li>\n<li class=\"ai-optimize-17\"><strong>Cara alargada:<\/strong> las gafas con algo de volumen ayudan a compensar visualmente las proporciones.<\/li>\n<\/ul>\n<p class=\"ai-optimize-18\">Lo importante es probar y verse. A veces, la montura que menos esperas es justo la que mejor encaja con tu cara y con tu forma de vestir.<\/p>\n<p><img fetchpriority=\"high\" decoding=\"async\" class=\"size-medium wp-image-1625\" src=\"https:\/\/perspektiveyewear.com\/wp-content\/uploads\/2026\/04\/AW43-pink-Sunglasses-1-scaled-1-300x300.jpg\" alt=\"Aw43 Pink\" width=\"300\" height=\"300\" srcset=\"https:\/\/perspektiveyewear.com\/wp-content\/uploads\/2026\/04\/AW43-pink-Sunglasses-1-scaled-1-300x300.jpg 300w, https:\/\/perspektiveyewear.com\/wp-content\/uploads\/2026\/04\/AW43-pink-Sunglasses-1-scaled-1-1024x1024.jpg 1024w, https:\/\/perspektiveyewear.com\/wp-content\/uploads\/2026\/04\/AW43-pink-Sunglasses-1-scaled-1-150x150.jpg 150w, https:\/\/perspektiveyewear.com\/wp-content\/uploads\/2026\/04\/AW43-pink-Sunglasses-1-scaled-1-768x768.jpg 768w, https:\/\/perspektiveyewear.com\/wp-content\/uploads\/2026\/04\/AW43-pink-Sunglasses-1-scaled-1-1536x1536.jpg 1536w, https:\/\/perspektiveyewear.com\/wp-content\/uploads\/2026\/04\/AW43-pink-Sunglasses-1-scaled-1-2048x2048.jpg 2048w, https:\/\/perspektiveyewear.com\/wp-content\/uploads\/2026\/04\/AW43-pink-Sunglasses-1-scaled-1-12x12.jpg 12w, https:\/\/perspektiveyewear.com\/wp-content\/uploads\/2026\/04\/AW43-pink-Sunglasses-1-scaled-1-1080x1080.jpg 1080w, https:\/\/perspektiveyewear.com\/wp-content\/uploads\/2026\/04\/AW43-pink-Sunglasses-1-scaled-1-100x100.jpg 100w, https:\/\/perspektiveyewear.com\/wp-content\/uploads\/2026\/04\/AW43-pink-Sunglasses-1-scaled-1-50x50.jpg 50w\" sizes=\"(max-width: 300px) 100vw, 300px\" \/><\/p>\n<\/section>\n<section>\n<h2 class=\"ai-optimize-19\">El color tambi\u00e9n cuenta<\/h2>\n<p class=\"ai-optimize-20\">En verano, el color tiene m\u00e1s espacio. La ropa suele ser m\u00e1s ligera, los tonos m\u00e1s vivos aparecen m\u00e1s y los accesorios pueden ganar protagonismo sin esfuerzo.<\/p>\n<p class=\"ai-optimize-21\">Si sueles vestir con b\u00e1sicos, unas gafas de sol de color pueden ser el punto que levante el look. Si ya llevas estampados, prendas llamativas o accesorios potentes, quiz\u00e1 te encaje mejor una montura m\u00e1s limpia o un tono que conecte con el conjunto.<\/p>\n<p class=\"ai-optimize-22\">La clave est\u00e1 en que las gafas no parezcan a\u00f1adidas al final, sino parte del outfit desde el principio.<\/p>\n<p><img decoding=\"async\" class=\"wp-image-1624 size-medium\" src=\"https:\/\/perspektiveyewear.com\/wp-content\/uploads\/2026\/04\/15-1-300x300.jpg\" alt=\"AW66 Red\" width=\"300\" height=\"300\" srcset=\"https:\/\/perspektiveyewear.com\/wp-content\/uploads\/2026\/04\/15-1-300x300.jpg 300w, https:\/\/perspektiveyewear.com\/wp-content\/uploads\/2026\/04\/15-1-1024x1024.jpg 1024w, https:\/\/perspektiveyewear.com\/wp-content\/uploads\/2026\/04\/15-1-150x150.jpg 150w, https:\/\/perspektiveyewear.com\/wp-content\/uploads\/2026\/04\/15-1-768x768.jpg 768w, https:\/\/perspektiveyewear.com\/wp-content\/uploads\/2026\/04\/15-1-12x12.jpg 12w, https:\/\/perspektiveyewear.com\/wp-content\/uploads\/2026\/04\/15-1-100x100.jpg 100w, https:\/\/perspektiveyewear.com\/wp-content\/uploads\/2026\/04\/15-1-50x50.jpg 50w, https:\/\/perspektiveyewear.com\/wp-content\/uploads\/2026\/04\/15-1.jpg 1080w\" sizes=\"(max-width: 300px) 100vw, 300px\" \/><\/p>\n<\/section>\n<section>\n<h2 class=\"ai-optimize-23\">Errores comunes al elegir gafas de sol<\/h2>\n<p class=\"ai-optimize-24\">A veces elegimos gafas solo porque est\u00e1n de moda o porque quedan bien en una foto. Pero para usarlas de verdad, conviene evitar algunos errores b\u00e1sicos:<\/p>\n<ul>\n<li class=\"ai-optimize-25\">Elegir una montura inc\u00f3moda solo porque es tendencia.<\/li>\n<li class=\"ai-optimize-26\">No tener en cuenta el tama\u00f1o de la cara.<\/li>\n<li class=\"ai-optimize-27\">Comprar un modelo demasiado oscuro pensando que protege m\u00e1s.<\/li>\n<li class=\"ai-optimize-28\">No revisar si las gafas se ajustan bien al puente de la nariz.<\/li>\n<li class=\"ai-optimize-29\">Elegir siempre el mismo estilo sin probar formas nuevas.<\/li>\n<\/ul>\n<p class=\"ai-optimize-30\">Unas gafas de sol tienen que acompa\u00f1arte, no molestarte. Si se bajan, aprietan o no te ves con ellas, acabar\u00e1n qued\u00e1ndose en casa.<\/p>\n<\/section>\n<section>\n<h2 class=\"ai-optimize-31\">Gafas de sol para looks de verano<\/h2>\n<p class=\"ai-optimize-32\">Las gafas de sol pueden cambiar el tono de un look. Un vestido sencillo, una camiseta blanca, un conjunto de lino o un outfit de playa pueden verse completamente diferentes seg\u00fan la montura que elijas.<\/p>\n<p class=\"ai-optimize-33\">Para looks relajados, funcionan muy bien las gafas con formas suaves o colores claros. Para un outfit m\u00e1s urbano, puedes apostar por monturas con m\u00e1s presencia. Y si buscas algo m\u00e1s divertido, el color es siempre una buena forma de marcar actitud.<\/p>\n<p class=\"ai-optimize-34\">El verano permite jugar m\u00e1s. M\u00e1s luz, m\u00e1s planes, m\u00e1s color. Y las gafas son una forma sencilla de hacerlo sin complicar el outfit.<\/p>\n<\/section>\n<section>\n<h2 class=\"ai-optimize-35\">C\u00f3mo cuidar tus ojos en verano<\/h2>\n<p class=\"ai-optimize-36\">Adem\u00e1s de elegir un modelo que encaje con tu estilo, tambi\u00e9n es importante cuidar tus ojos en los d\u00edas de m\u00e1s sol. La exposici\u00f3n prolongada, el reflejo del agua o la arena y las horas al aire libre pueden aumentar la sensaci\u00f3n de cansancio visual.<\/p>\n<p class=\"ai-optimize-37\">Algunos h\u00e1bitos sencillos ayudan mucho:<\/p>\n<ul>\n<li class=\"ai-optimize-38\">Usa gafas de sol cuando est\u00e9s al aire libre durante varias horas.<\/li>\n<li class=\"ai-optimize-39\">Evita mirar directamente hacia zonas con reflejos intensos.<\/li>\n<li class=\"ai-optimize-40\">Descansa la vista si pasas del sol a pantallas con frecuencia.<\/li>\n<li class=\"ai-optimize-41\">Guarda tus gafas en una funda para evitar rayaduras.<\/li>\n<li class=\"ai-optimize-42\">Limpia las lentes con una gamuza adecuada, no con la camiseta.<\/li>\n<\/ul>\n<\/section>\n<section>\n<h2 class=\"ai-optimize-43\">Elige unas gafas que s\u00ed vayan contigo<\/h2>\n<p class=\"ai-optimize-44\">Las mejores gafas de sol no son las m\u00e1s discretas ni las m\u00e1s llamativas. Son las que encajan con tu cara, con tu estilo y con la forma en la que vives el verano.<\/p>\n<p class=\"ai-optimize-45\">Puede ser una montura colorida, una forma m\u00e1s cl\u00e1sica o un dise\u00f1o que te saque un poco de lo de siempre. Lo importante es que te las pongas y sientas que el look funciona.<\/p>\n<p class=\"ai-optimize-46\">Porque en verano, unas buenas gafas de sol no solo protegen: tambi\u00e9n hacen que cualquier plan tenga un poco m\u00e1s de actitud.<\/p>\n<\/section>\n<\/article>","protected":false},"excerpt":{"rendered":"<p>Elegir unas gafas de sol para verano no va solo de que te gusten en la mano. Tambi\u00e9n importa c\u00f3mo encajan con tu cara, con tu estilo y con los planes que haces cuando suben las temperaturas. Puedes ver todos los modelos disponibles en nuestra colecci\u00f3n de gafas de sol. En Perspektiv nos gusta verlo [&hellip;]<\/p>","protected":false},"author":2,"featured_media":1629,"comment_status":"open","ping_status":"open","sticky":false,"template":"","format":"standard","meta":{"_acf_changed":false,"inline_featured_image":false,"footnotes":""},"categories":[1],"tags":[],"class_list":["post-1622","post","type-post","status-publish","format-standard","has-post-thumbnail","hentry","category-uncategorized"],"acf":[],"yoast_head":"<!-- This site is optimized with the Yoast SEO Premium plugin v25.3 (Yoast SEO v27.4) - https:\/\/yoast.com\/product\/yoast-seo-premium-wordpress\/ -->\n<title>\ud83d\udc49 Gafas de sol para verano: c\u00f3mo elegirlas seg\u00fan tu cara y estilo<\/title>\n<meta name=\"description\" content=\"Gu\u00eda para elegir gafas de sol en verano: qu\u00e9 tener en cuenta seg\u00fan tu cara, tu estilo y c\u00f3mo proteger tu vista del sol.\" \/>\n<meta name=\"robots\" content=\"index, follow, max-snippet:-1, max-image-preview:large, max-video-preview:-1\" \/>\n<link rel=\"canonical\" href=\"https:\/\/perspektiveyewear.com\/en\/gafas-sol-verano\/\" \/>\n<meta property=\"og:locale\" content=\"en_US\" \/>\n<meta property=\"og:type\" content=\"article\" \/>\n<meta property=\"og:title\" content=\"C\u00f3mo elegir gafas de sol para verano seg\u00fan tu estilo y la forma de tu cara\" \/>\n<meta property=\"og:description\" content=\"Gu\u00eda para elegir gafas de sol en verano: qu\u00e9 tener en cuenta seg\u00fan tu cara, tu estilo y c\u00f3mo proteger tu vista del sol.\" \/>\n<meta property=\"og:url\" content=\"https:\/\/perspektiveyewear.com\/en\/gafas-sol-verano\/\" \/>\n<meta property=\"og:site_name\" content=\"Perspektiv\" \/>\n<meta property=\"article:published_time\" content=\"2026-04-30T10:02:21+00:00\" \/>\n<meta property=\"article:modified_time\" content=\"2026-04-30T10:27:29+00:00\" \/>\n<meta property=\"og:image\" content=\"https:\/\/perspektiveyewear.com\/wp-content\/uploads\/2026\/04\/Foto-dr-1.png\" \/>\n\t<meta property=\"og:image:width\" content=\"1200\" \/>\n\t<meta property=\"og:image:height\" content=\"620\" \/>\n\t<meta property=\"og:image:type\" content=\"image\/png\" \/>\n<meta name=\"author\" content=\"MiriamPKV\" \/>\n<meta name=\"twitter:card\" content=\"summary_large_image\" \/>\n<meta name=\"twitter:label1\" content=\"Written by\" \/>\n\t<meta name=\"twitter:data1\" content=\"MiriamPKV\" \/>\n\t<meta name=\"twitter:label2\" content=\"Est. reading time\" \/>\n\t<meta name=\"twitter:data2\" content=\"5 minutes\" \/>\n<script type=\"application\/ld+json\" class=\"yoast-schema-graph\">{\"@context\":\"https:\\\/\\\/schema.org\",\"@graph\":[{\"@type\":\"Article\",\"@id\":\"https:\\\/\\\/perspektiveyewear.com\\\/gafas-sol-verano\\\/#article\",\"isPartOf\":{\"@id\":\"https:\\\/\\\/perspektiveyewear.com\\\/gafas-sol-verano\\\/\"},\"author\":{\"name\":\"MiriamPKV\",\"@id\":\"https:\\\/\\\/perspektiveyewear.com\\\/#\\\/schema\\\/person\\\/30c42bfc544d76d7047b8ee553e2ecc7\"},\"headline\":\"C\u00f3mo elegir gafas de sol para verano seg\u00fan tu estilo y la forma de tu cara\",\"datePublished\":\"2026-04-30T10:02:21+00:00\",\"dateModified\":\"2026-04-30T10:27:29+00:00\",\"mainEntityOfPage\":{\"@id\":\"https:\\\/\\\/perspektiveyewear.com\\\/gafas-sol-verano\\\/\"},\"wordCount\":908,\"commentCount\":0,\"publisher\":{\"@id\":\"https:\\\/\\\/perspektiveyewear.com\\\/#organization\"},\"image\":{\"@id\":\"https:\\\/\\\/perspektiveyewear.com\\\/gafas-sol-verano\\\/#primaryimage\"},\"thumbnailUrl\":\"https:\\\/\\\/perspektiveyewear.com\\\/wp-content\\\/uploads\\\/2026\\\/04\\\/Foto-dr-1.png\",\"inLanguage\":\"en-US\",\"potentialAction\":[{\"@type\":\"CommentAction\",\"name\":\"Comment\",\"target\":[\"https:\\\/\\\/perspektiveyewear.com\\\/gafas-sol-verano\\\/#respond\"]}]},{\"@type\":\"WebPage\",\"@id\":\"https:\\\/\\\/perspektiveyewear.com\\\/gafas-sol-verano\\\/\",\"url\":\"https:\\\/\\\/perspektiveyewear.com\\\/gafas-sol-verano\\\/\",\"name\":\"\ud83d\udc49 Gafas de sol para verano: c\u00f3mo elegirlas seg\u00fan tu cara y estilo\",\"isPartOf\":{\"@id\":\"https:\\\/\\\/perspektiveyewear.com\\\/#website\"},\"primaryImageOfPage\":{\"@id\":\"https:\\\/\\\/perspektiveyewear.com\\\/gafas-sol-verano\\\/#primaryimage\"},\"image\":{\"@id\":\"https:\\\/\\\/perspektiveyewear.com\\\/gafas-sol-verano\\\/#primaryimage\"},\"thumbnailUrl\":\"https:\\\/\\\/perspektiveyewear.com\\\/wp-content\\\/uploads\\\/2026\\\/04\\\/Foto-dr-1.png\",\"datePublished\":\"2026-04-30T10:02:21+00:00\",\"dateModified\":\"2026-04-30T10:27:29+00:00\",\"description\":\"Gu\u00eda para elegir gafas de sol en verano: qu\u00e9 tener en cuenta seg\u00fan tu cara, tu estilo y c\u00f3mo proteger tu vista del sol.\",\"breadcrumb\":{\"@id\":\"https:\\\/\\\/perspektiveyewear.com\\\/gafas-sol-verano\\\/#breadcrumb\"},\"inLanguage\":\"en-US\",\"potentialAction\":[{\"@type\":\"ReadAction\",\"target\":[\"https:\\\/\\\/perspektiveyewear.com\\\/gafas-sol-verano\\\/\"]}]},{\"@type\":\"ImageObject\",\"inLanguage\":\"en-US\",\"@id\":\"https:\\\/\\\/perspektiveyewear.com\\\/gafas-sol-verano\\\/#primaryimage\",\"url\":\"https:\\\/\\\/perspektiveyewear.com\\\/wp-content\\\/uploads\\\/2026\\\/04\\\/Foto-dr-1.png\",\"contentUrl\":\"https:\\\/\\\/perspektiveyewear.com\\\/wp-content\\\/uploads\\\/2026\\\/04\\\/Foto-dr-1.png\",\"width\":1200,\"height\":620,\"caption\":\"gafas de sol verano\"},{\"@type\":\"BreadcrumbList\",\"@id\":\"https:\\\/\\\/perspektiveyewear.com\\\/gafas-sol-verano\\\/#breadcrumb\",\"itemListElement\":[{\"@type\":\"ListItem\",\"position\":1,\"name\":\"Portada\",\"item\":\"https:\\\/\\\/perspektiveyewear.com\\\/\"},{\"@type\":\"ListItem\",\"position\":2,\"name\":\"C\u00f3mo elegir gafas de sol para verano seg\u00fan tu estilo y la forma de tu cara\"}]},{\"@type\":\"WebSite\",\"@id\":\"https:\\\/\\\/perspektiveyewear.com\\\/#website\",\"url\":\"https:\\\/\\\/perspektiveyewear.com\\\/\",\"name\":\"Perspektiv\",\"description\":\"Tienda de gafas\",\"publisher\":{\"@id\":\"https:\\\/\\\/perspektiveyewear.com\\\/#organization\"},\"potentialAction\":[{\"@type\":\"SearchAction\",\"target\":{\"@type\":\"EntryPoint\",\"urlTemplate\":\"https:\\\/\\\/perspektiveyewear.com\\\/?s={search_term_string}\"},\"query-input\":{\"@type\":\"PropertyValueSpecification\",\"valueRequired\":true,\"valueName\":\"search_term_string\"}}],\"inLanguage\":\"en-US\"},{\"@type\":\"Organization\",\"@id\":\"https:\\\/\\\/perspektiveyewear.com\\\/#organization\",\"name\":\"Perspektiv\",\"url\":\"https:\\\/\\\/perspektiveyewear.com\\\/\",\"logo\":{\"@type\":\"ImageObject\",\"inLanguage\":\"en-US\",\"@id\":\"https:\\\/\\\/perspektiveyewear.com\\\/#\\\/schema\\\/logo\\\/image\\\/\",\"url\":\"https:\\\/\\\/perspektiveyewear.com\\\/wp-content\\\/uploads\\\/2025\\\/06\\\/logo-sin-margen-1.svg\",\"contentUrl\":\"https:\\\/\\\/perspektiveyewear.com\\\/wp-content\\\/uploads\\\/2025\\\/06\\\/logo-sin-margen-1.svg\",\"width\":235,\"height\":23,\"caption\":\"Perspektiv\"},\"image\":{\"@id\":\"https:\\\/\\\/perspektiveyewear.com\\\/#\\\/schema\\\/logo\\\/image\\\/\"}},{\"@type\":\"Person\",\"@id\":\"https:\\\/\\\/perspektiveyewear.com\\\/#\\\/schema\\\/person\\\/30c42bfc544d76d7047b8ee553e2ecc7\",\"name\":\"MiriamPKV\",\"image\":{\"@type\":\"ImageObject\",\"inLanguage\":\"en-US\",\"@id\":\"https:\\\/\\\/secure.gravatar.com\\\/avatar\\\/fcc11caecd7f74ef187b700bdd6b7510a87915ef69cea431f7333f5ccd8b1c39?s=96&d=mm&r=g\",\"url\":\"https:\\\/\\\/secure.gravatar.com\\\/avatar\\\/fcc11caecd7f74ef187b700bdd6b7510a87915ef69cea431f7333f5ccd8b1c39?s=96&d=mm&r=g\",\"contentUrl\":\"https:\\\/\\\/secure.gravatar.com\\\/avatar\\\/fcc11caecd7f74ef187b700bdd6b7510a87915ef69cea431f7333f5ccd8b1c39?s=96&d=mm&r=g\",\"caption\":\"MiriamPKV\"},\"url\":\"https:\\\/\\\/perspektiveyewear.com\\\/en\\\/author\\\/miriampkv\\\/\"}]}<\/script>\n<!-- \/ Yoast SEO Premium plugin. -->","yoast_head_json":{"title":"\ud83d\udc49 Gafas de sol para verano: c\u00f3mo elegirlas seg\u00fan tu cara y estilo","description":"Gu\u00eda para elegir gafas de sol en verano: qu\u00e9 tener en cuenta seg\u00fan tu cara, tu estilo y c\u00f3mo proteger tu vista del sol.","robots":{"index":"index","follow":"follow","max-snippet":"max-snippet:-1","max-image-preview":"max-image-preview:large","max-video-preview":"max-video-preview:-1"},"canonical":"https:\/\/perspektiveyewear.com\/en\/gafas-sol-verano\/","og_locale":"en_US","og_type":"article","og_title":"C\u00f3mo elegir gafas de sol para verano seg\u00fan tu estilo y la forma de tu cara","og_description":"Gu\u00eda para elegir gafas de sol en verano: qu\u00e9 tener en cuenta seg\u00fan tu cara, tu estilo y c\u00f3mo proteger tu vista del sol.","og_url":"https:\/\/perspektiveyewear.com\/en\/gafas-sol-verano\/","og_site_name":"Perspektiv","article_published_time":"2026-04-30T10:02:21+00:00","article_modified_time":"2026-04-30T10:27:29+00:00","og_image":[{"width":1200,"height":620,"url":"https:\/\/perspektiveyewear.com\/wp-content\/uploads\/2026\/04\/Foto-dr-1.png","type":"image\/png"}],"author":"MiriamPKV","twitter_card":"summary_large_image","twitter_misc":{"Written by":"MiriamPKV","Est. reading time":"5 minutes"},"schema":{"@context":"https:\/\/schema.org","@graph":[{"@type":"Article","@id":"https:\/\/perspektiveyewear.com\/gafas-sol-verano\/#article","isPartOf":{"@id":"https:\/\/perspektiveyewear.com\/gafas-sol-verano\/"},"author":{"name":"MiriamPKV","@id":"https:\/\/perspektiveyewear.com\/#\/schema\/person\/30c42bfc544d76d7047b8ee553e2ecc7"},"headline":"C\u00f3mo elegir gafas de sol para verano seg\u00fan tu estilo y la forma de tu cara","datePublished":"2026-04-30T10:02:21+00:00","dateModified":"2026-04-30T10:27:29+00:00","mainEntityOfPage":{"@id":"https:\/\/perspektiveyewear.com\/gafas-sol-verano\/"},"wordCount":908,"commentCount":0,"publisher":{"@id":"https:\/\/perspektiveyewear.com\/#organization"},"image":{"@id":"https:\/\/perspektiveyewear.com\/gafas-sol-verano\/#primaryimage"},"thumbnailUrl":"https:\/\/perspektiveyewear.com\/wp-content\/uploads\/2026\/04\/Foto-dr-1.png","inLanguage":"en-US","potentialAction":[{"@type":"CommentAction","name":"Comment","target":["https:\/\/perspektiveyewear.com\/gafas-sol-verano\/#respond"]}]},{"@type":"WebPage","@id":"https:\/\/perspektiveyewear.com\/gafas-sol-verano\/","url":"https:\/\/perspektiveyewear.com\/gafas-sol-verano\/","name":"\ud83d\udc49 Gafas de sol para verano: c\u00f3mo elegirlas seg\u00fan tu cara y estilo","isPartOf":{"@id":"https:\/\/perspektiveyewear.com\/#website"},"primaryImageOfPage":{"@id":"https:\/\/perspektiveyewear.com\/gafas-sol-verano\/#primaryimage"},"image":{"@id":"https:\/\/perspektiveyewear.com\/gafas-sol-verano\/#primaryimage"},"thumbnailUrl":"https:\/\/perspektiveyewear.com\/wp-content\/uploads\/2026\/04\/Foto-dr-1.png","datePublished":"2026-04-30T10:02:21+00:00","dateModified":"2026-04-30T10:27:29+00:00","description":"Gu\u00eda para elegir gafas de sol en verano: qu\u00e9 tener en cuenta seg\u00fan tu cara, tu estilo y c\u00f3mo proteger tu vista del sol.","breadcrumb":{"@id":"https:\/\/perspektiveyewear.com\/gafas-sol-verano\/#breadcrumb"},"inLanguage":"en-US","potentialAction":[{"@type":"ReadAction","target":["https:\/\/perspektiveyewear.com\/gafas-sol-verano\/"]}]},{"@type":"ImageObject","inLanguage":"en-US","@id":"https:\/\/perspektiveyewear.com\/gafas-sol-verano\/#primaryimage","url":"https:\/\/perspektiveyewear.com\/wp-content\/uploads\/2026\/04\/Foto-dr-1.png","contentUrl":"https:\/\/perspektiveyewear.com\/wp-content\/uploads\/2026\/04\/Foto-dr-1.png","width":1200,"height":620,"caption":"gafas de sol verano"},{"@type":"BreadcrumbList","@id":"https:\/\/perspektiveyewear.com\/gafas-sol-verano\/#breadcrumb","itemListElement":[{"@type":"ListItem","position":1,"name":"Portada","item":"https:\/\/perspektiveyewear.com\/"},{"@type":"ListItem","position":2,"name":"C\u00f3mo elegir gafas de sol para verano seg\u00fan tu estilo y la forma de tu cara"}]},{"@type":"WebSite","@id":"https:\/\/perspektiveyewear.com\/#website","url":"https:\/\/perspektiveyewear.com\/","name":"Perspektiv","description":"Tienda de gafas","publisher":{"@id":"https:\/\/perspektiveyewear.com\/#organization"},"potentialAction":[{"@type":"SearchAction","target":{"@type":"EntryPoint","urlTemplate":"https:\/\/perspektiveyewear.com\/?s={search_term_string}"},"query-input":{"@type":"PropertyValueSpecification","valueRequired":true,"valueName":"search_term_string"}}],"inLanguage":"en-US"},{"@type":"Organization","@id":"https:\/\/perspektiveyewear.com\/#organization","name":"Perspektiv","url":"https:\/\/perspektiveyewear.com\/","logo":{"@type":"ImageObject","inLanguage":"en-US","@id":"https:\/\/perspektiveyewear.com\/#\/schema\/logo\/image\/","url":"https:\/\/perspektiveyewear.com\/wp-content\/uploads\/2025\/06\/logo-sin-margen-1.svg","contentUrl":"https:\/\/perspektiveyewear.com\/wp-content\/uploads\/2025\/06\/logo-sin-margen-1.svg","width":235,"height":23,"caption":"Perspektiv"},"image":{"@id":"https:\/\/perspektiveyewear.com\/#\/schema\/logo\/image\/"}},{"@type":"Person","@id":"https:\/\/perspektiveyewear.com\/#\/schema\/person\/30c42bfc544d76d7047b8ee553e2ecc7","name":"MiriamPKV","image":{"@type":"ImageObject","inLanguage":"en-US","@id":"https:\/\/secure.gravatar.com\/avatar\/fcc11caecd7f74ef187b700bdd6b7510a87915ef69cea431f7333f5ccd8b1c39?s=96&d=mm&r=g","url":"https:\/\/secure.gravatar.com\/avatar\/fcc11caecd7f74ef187b700bdd6b7510a87915ef69cea431f7333f5ccd8b1c39?s=96&d=mm&r=g","contentUrl":"https:\/\/secure.gravatar.com\/avatar\/fcc11caecd7f74ef187b700bdd6b7510a87915ef69cea431f7333f5ccd8b1c39?s=96&d=mm&r=g","caption":"MiriamPKV"},"url":"https:\/\/perspektiveyewear.com\/en\/author\/miriampkv\/"}]}},"_links":{"self":[{"href":"https:\/\/perspektiveyewear.com\/en\/wp-json\/wp\/v2\/posts\/1622","targetHints":{"allow":["GET"]}}],"collection":[{"href":"https:\/\/perspektiveyewear.com\/en\/wp-json\/wp\/v2\/posts"}],"about":[{"href":"https:\/\/perspektiveyewear.com\/en\/wp-json\/wp\/v2\/types\/post"}],"author":[{"embeddable":true,"href":"https:\/\/perspektiveyewear.com\/en\/wp-json\/wp\/v2\/users\/2"}],"replies":[{"embeddable":true,"href":"https:\/\/perspektiveyewear.com\/en\/wp-json\/wp\/v2\/comments?post=1622"}],"version-history":[{"count":0,"href":"https:\/\/perspektiveyewear.com\/en\/wp-json\/wp\/v2\/posts\/1622\/revisions"}],"wp:featuredmedia":[{"embeddable":true,"href":"https:\/\/perspektiveyewear.com\/en\/wp-json\/wp\/v2\/media\/1629"}],"wp:attachment":[{"href":"https:\/\/perspektiveyewear.com\/en\/wp-json\/wp\/v2\/media?parent=1622"}],"wp:term":[{"taxonomy":"category","embeddable":true,"href":"https:\/\/perspektiveyewear.com\/en\/wp-json\/wp\/v2\/categories?post=1622"},{"taxonomy":"post_tag","embeddable":true,"href":"https:\/\/perspektiveyewear.com\/en\/wp-json\/wp\/v2\/tags?post=1622"}],"curies":[{"name":"wp","href":"https:\/\/api.w.org\/{rel}","templated":true}]}}